{"id":11097,"date":"2025-04-22T11:57:39","date_gmt":"2025-04-22T09:57:39","guid":{"rendered":"https:\/\/wml24.pl\/?p=11097"},"modified":"2025-04-22T11:57:39","modified_gmt":"2025-04-22T09:57:39","slug":"krystian-bielski-z-mlawy-zawalczy-juz-28-czerwca-na-tfl-34","status":"publish","type":"post","link":"https:\/\/wml24.pl\/?p=11097","title":{"rendered":"Krystian Bielski z M\u0142awy zawalczy ju\u017c 28 czerwca na TFL 34!"},"content":{"rendered":"\n<p><strong>Krystian Bielski z M\u0142awy ju\u017c 28 czerwca ponownie wejdzie do klatki, by zmierzy\u0107 si\u0119 z kolejnym wyzwaniem na gali\u00a0TFL 34, kt\u00f3ra odb\u0119dzie si\u0119 w\u00a0Miasto Przytyk!<\/strong><\/p>\n\n\n\n<p>Reprezentant renomowanego\u00a0WCA Fight Team\u00a0stoczy swoj\u0105\u00a0drug\u0105 walk\u0119\u00a0pod szyldem organizacji\u00a0TFL. To wa\u017cny moment w jego sportowej drodze \u2014\u00a0Krystian wraca zdeterminowany, by ponownie zaznaczy\u0107 swoj\u0105 obecno\u015b\u0107 w czo\u0142\u00f3wce polskiej sceny MMA.<\/p>\n\n\n\n<p>Po serii trudnych pojedynk\u00f3w Bielski celuje w\u00a0jubileuszowe, dziesi\u0105te zwyci\u0119stwo\u00a0w swojej karierze zawodowej. W osiemnastej walce zawodowej chce pokaza\u0107, \u017ce wci\u0105\u017c ma wiele do zaoferowania kibicom i ca\u0142emu \u015brodowisku sport\u00f3w walki.<\/p>\n\n\n\n<p>Krystian, witaj z powrotem!\u00a0Fani z M\u0142awy i ca\u0142ego kraju z niecierpliwo\u015bci\u0105 czekaj\u0105 na Twoje wej\u015bcie do klatki!<\/p>\n\n\n\n<p>\u0179r\u00f3d\u0142o i fot.: FB TFL&nbsp;<\/p>\n","protected":false},"excerpt":{"rendered":"<p>Krystian Bielski z M\u0142awy ju\u017c 28 czerwca ponownie wejdzie do klatki, by zmierzy\u0107 si\u0119 z kolejnym wyzwaniem na gali\u00a0TFL 34, kt\u00f3ra odb\u0119dzie si\u0119 w\u00a0Miasto Przytyk! Reprezentant renomowanego\u00a0WCA Fight Team\u00a0stoczy swoj\u0105\u00a0drug\u0105 walk\u0119\u00a0pod szyldem organizacji\u00a0TFL. To wa\u017cny moment w jego sportowej drodze \u2014\u00a0Krystian wraca zdeterminowany, by ponownie zaznaczy\u0107 swoj\u0105 obecno\u015b\u0107 w czo\u0142\u00f3wce polskiej sceny MMA. Po serii [&hellip;]<\/p>\n","protected":false},"author":1,"featured_media":11098,"comment_status":"open","ping_status":"open","sticky":false,"template":"","format":"standard","meta":{"footnotes":""},"categories":[35],"tags":[1165,1331,41,93,2012,2014,2013],"class_list":["post-11097","post","type-post","status-publish","format-standard","has-post-thumbnail","hentry","category-sport","tag-1165","tag-krystian-bielski","tag-mlawa","tag-sport","tag-tfl34","tag-walka","tag-wca-fight-team"],"_links":{"self":[{"href":"https:\/\/wml24.pl\/index.php?rest_route=\/wp\/v2\/posts\/11097","targetHints":{"allow":["GET"]}}],"collection":[{"href":"https:\/\/wml24.pl\/index.php?rest_route=\/wp\/v2\/posts"}],"about":[{"href":"https:\/\/wml24.pl\/index.php?rest_route=\/wp\/v2\/types\/post"}],"author":[{"embeddable":true,"href":"https:\/\/wml24.pl\/index.php?rest_route=\/wp\/v2\/users\/1"}],"replies":[{"embeddable":true,"href":"https:\/\/wml24.pl\/index.php?rest_route=%2Fwp%2Fv2%2Fcomments&post=11097"}],"version-history":[{"count":1,"href":"https:\/\/wml24.pl\/index.php?rest_route=\/wp\/v2\/posts\/11097\/revisions"}],"predecessor-version":[{"id":11099,"href":"https:\/\/wml24.pl\/index.php?rest_route=\/wp\/v2\/posts\/11097\/revisions\/11099"}],"wp:featuredmedia":[{"embeddable":true,"href":"https:\/\/wml24.pl\/index.php?rest_route=\/wp\/v2\/media\/11098"}],"wp:attachment":[{"href":"https:\/\/wml24.pl\/index.php?rest_route=%2Fwp%2Fv2%2Fmedia&parent=11097"}],"wp:term":[{"taxonomy":"category","embeddable":true,"href":"https:\/\/wml24.pl\/index.php?rest_route=%2Fwp%2Fv2%2Fcategories&post=11097"},{"taxonomy":"post_tag","embeddable":true,"href":"https:\/\/wml24.pl\/index.php?rest_route=%2Fwp%2Fv2%2Ftags&post=11097"}],"curies":[{"name":"wp","href":"https:\/\/api.w.org\/{rel}","templated":true}]}}