{"id":13612,"date":"2025-08-13T07:30:27","date_gmt":"2025-08-13T05:30:27","guid":{"rendered":"https:\/\/wml24.pl\/?p=13612"},"modified":"2025-08-13T07:30:28","modified_gmt":"2025-08-13T05:30:28","slug":"pozar-samochodu-na-krajowej-7","status":"publish","type":"post","link":"https:\/\/wml24.pl\/?p=13612","title":{"rendered":"Po\u017car samochodu na krajowej 7!\u00a0"},"content":{"rendered":"\n<p><strong>12 sierpnia, we wtorek, na krajowej \u201esi\u00f3demce\u201d w miejscowo\u015bci Niepiek\u0142a (kierunek Gda\u0144sk) dosz\u0142o do po\u017caru samochodu osobowego marki Opel.<\/strong><\/p>\n\n\n\n<p>Pojazdem podr\u00f3\u017cowa\u0142o dw\u00f3ch mieszka\u0144c\u00f3w powiatu p\u0142o\u0144skiego. Jak ustalono, kierowca \u2013 23-letni m\u0119\u017cczyzna \u2013 podczas jazdy wraz z pasa\u017cerem zauwa\u017cy\u0142 dym wydobywaj\u0105cy si\u0119 spod maski. Zatrzyma\u0142 samoch\u00f3d i pr\u00f3bowa\u0142 samodzielnie ugasi\u0107 ogie\u0144, jednak po\u017car szybko si\u0119 rozprzestrzenia\u0142, wezwano s\u0142u\u017cby ratunkowe.<\/p>\n\n\n\n<p>Na miejsce przyby\u0142y jednostki stra\u017cy po\u017carnej oraz policja. W trakcie akcji ga\u015bniczej ruch w kierunku Gda\u0144ska odbywa\u0142 si\u0119 tylko lewym pasem, a prawy by\u0142 zablokowany.<\/p>\n\n\n\n<p>Na szcz\u0119\u015bcie nikt nie odni\u00f3s\u0142 obra\u017ce\u0144.<\/p>\n\n\n\n<p>\u0179r\u00f3d\u0142o i fot.: KPP P\u0142o\u0144sk&nbsp;<\/p>\n","protected":false},"excerpt":{"rendered":"<p>12 sierpnia, we wtorek, na krajowej \u201esi\u00f3demce\u201d w miejscowo\u015bci Niepiek\u0142a (kierunek Gda\u0144sk) dosz\u0142o do po\u017caru samochodu osobowego marki Opel. Pojazdem podr\u00f3\u017cowa\u0142o dw\u00f3ch mieszka\u0144c\u00f3w powiatu p\u0142o\u0144skiego. Jak ustalono, kierowca \u2013 23-letni m\u0119\u017cczyzna \u2013 podczas jazdy wraz z pasa\u017cerem zauwa\u017cy\u0142 dym wydobywaj\u0105cy si\u0119 spod maski. Zatrzyma\u0142 samoch\u00f3d i pr\u00f3bowa\u0142 samodzielnie ugasi\u0107 ogie\u0144, jednak po\u017car szybko si\u0119 rozprzestrzenia\u0142, [&hellip;]<\/p>\n","protected":false},"author":1,"featured_media":13613,"comment_status":"open","ping_status":"open","sticky":false,"template":"","format":"standard","meta":{"footnotes":""},"categories":[40],"tags":[1165,50,41,72,2886,80],"class_list":["post-13612","post","type-post","status-publish","format-standard","has-post-thumbnail","hentry","category-na-sygnale","tag-1165","tag-kpp","tag-mlawa","tag-policja","tag-pozar-samochodu","tag-straz-pozarna"],"_links":{"self":[{"href":"https:\/\/wml24.pl\/index.php?rest_route=\/wp\/v2\/posts\/13612","targetHints":{"allow":["GET"]}}],"collection":[{"href":"https:\/\/wml24.pl\/index.php?rest_route=\/wp\/v2\/posts"}],"about":[{"href":"https:\/\/wml24.pl\/index.php?rest_route=\/wp\/v2\/types\/post"}],"author":[{"embeddable":true,"href":"https:\/\/wml24.pl\/index.php?rest_route=\/wp\/v2\/users\/1"}],"replies":[{"embeddable":true,"href":"https:\/\/wml24.pl\/index.php?rest_route=%2Fwp%2Fv2%2Fcomments&post=13612"}],"version-history":[{"count":1,"href":"https:\/\/wml24.pl\/index.php?rest_route=\/wp\/v2\/posts\/13612\/revisions"}],"predecessor-version":[{"id":13614,"href":"https:\/\/wml24.pl\/index.php?rest_route=\/wp\/v2\/posts\/13612\/revisions\/13614"}],"wp:featuredmedia":[{"embeddable":true,"href":"https:\/\/wml24.pl\/index.php?rest_route=\/wp\/v2\/media\/13613"}],"wp:attachment":[{"href":"https:\/\/wml24.pl\/index.php?rest_route=%2Fwp%2Fv2%2Fmedia&parent=13612"}],"wp:term":[{"taxonomy":"category","embeddable":true,"href":"https:\/\/wml24.pl\/index.php?rest_route=%2Fwp%2Fv2%2Fcategories&post=13612"},{"taxonomy":"post_tag","embeddable":true,"href":"https:\/\/wml24.pl\/index.php?rest_route=%2Fwp%2Fv2%2Ftags&post=13612"}],"curies":[{"name":"wp","href":"https:\/\/api.w.org\/{rel}","templated":true}]}}