{"id":13623,"date":"2025-08-13T10:03:39","date_gmt":"2025-08-13T08:03:39","guid":{"rendered":"https:\/\/wml24.pl\/?p=13623"},"modified":"2025-08-13T10:03:39","modified_gmt":"2025-08-13T08:03:39","slug":"jerzy-jasinski-malarstwo-pelne-emocji-i-zadumy","status":"publish","type":"post","link":"https:\/\/wml24.pl\/?p=13623","title":{"rendered":"Jerzy Jasi\u0144ski \u2013 malarstwo pe\u0142ne emocji i zadumy"},"content":{"rendered":"\n<p><strong>W pi\u0105tek, 8 sierpnia 2025 r. o godzinie 17:00, w Muzeum Ziemi Zawkrze\u0144skiej w M\u0142awie odby\u0142 si\u0119 wernisa\u017c wystawy malarskiej Jerzego Jasi\u0144skiego \u2013 uznanego polskiego artysty, kt\u00f3rego tw\u00f3rczo\u015b\u0107 od lat porusza widz\u00f3w swoj\u0105 g\u0142\u0119bi\u0105, ekspresj\u0105 i symbolik\u0105.<\/strong><\/p>\n\n\n\n<p>Podczas spotkania malarz opowiedzia\u0142 o swoich inspiracjach, drodze artystycznej oraz procesie tw\u00f3rczym. Podzieli\u0142 si\u0119 refleksjami na temat \u017ar\u00f3de\u0142 natchnienia, roli emocji w malarstwie oraz tego, jak osobiste prze\u017cycia przek\u0142ada na j\u0119zyk form i barw. Widzowie mogli zajrze\u0107 za kulisy jego pracy i dowiedzie\u0107 si\u0119, jakie znaczenie maj\u0105 dla niego rytm, faktura oraz deformacja w obrazie.<\/p>\n\n\n\n<p><strong>Artysta o bogatym dorobku<\/strong><\/p>\n\n\n\n<p>Jerzy Jasi\u0144ski uko\u0144czy\u0142&nbsp;<strong>Pa\u0144stwowe Liceum Sztuk Plastycznych w Na\u0142\u0119czowie<\/strong>, a w latach 1983\u20131988 studiowa\u0142 na&nbsp;<strong>Wydziale Malarstwa Akademii Sztuk Pi\u0119knych w Warszawie<\/strong>, gdzie w 1988 roku otrzyma\u0142 dyplom w pracowni prof. Rajmunda Ziemskiego.<\/p>\n\n\n\n<p>Zajmuje si\u0119 malarstwem sztalugowym, rysunkiem i technikami \u015bciennymi. W swoim dorobku ma m.in. cykle:&nbsp;<em>\u201eW ogrodzie\u201d<\/em>,&nbsp;<em>\u201eWyp\u0119dzeni z raju\u201d<\/em>,&nbsp;<em>\u201ePr\u00f3ba podzia\u0142u\u201d<\/em>,&nbsp;<em>\u201eObrazy XXI wieku\u201d<\/em>,&nbsp;<em>\u201ePoszukiwanie muzyki\u201d<\/em>&nbsp;oraz prace po\u015bwi\u0119cone papie\u017cowi Janowi Paw\u0142owi II.<\/p>\n\n\n\n<p>Bra\u0142 udzia\u0142 w kilkudziesi\u0119ciu wystawach indywidualnych i zbiorowych.&nbsp;<\/p>\n\n\n\n<p><strong>Charakter i tematyka tw\u00f3rczo\u015bci<\/strong><\/p>\n\n\n\n<p>Malarstwo Jerzego Jasi\u0144skiego cechuje&nbsp;<strong>egzystencjalizm, ekspresjonizm, melancholia i g\u0142\u0119boka zaduma nad \u015bwiatem<\/strong>. Artysta ch\u0119tnie korzysta z deformacji, bogatej faktury, kontrast\u00f3w barwnych oraz abstrakcyjnych form. Wa\u017cn\u0105 rol\u0119 odgrywa w nim symbolika i poetycka wizja \u2013 obrazy s\u0105 odzwierciedleniem osobistych uczu\u0107 i prze\u017cy\u0107 tw\u00f3rcy.<\/p>\n\n\n\n<p>Jego najnowsze prace powsta\u0142y jako artystyczna reakcja na&nbsp;<strong>problemy wsp\u00f3\u0142czesnej egzystencji<\/strong>&nbsp;\u2013 pe\u0142ne s\u0105 emocji, napi\u0119cia i refleksji nad kondycj\u0105 cz\u0142owieka we wsp\u00f3\u0142czesnym \u015bwiecie.<\/p>\n\n\n\n<p><strong>Wystawa dost\u0119pna dla zwiedzaj\u0105cych<\/strong><\/p>\n\n\n\n<p>Ekspozycj\u0119 w Muzeum Ziemi Zawkrze\u0144skiej mo\u017cna ogl\u0105da\u0107 do&nbsp;<strong>5 wrze\u015bnia 2025 roku<\/strong>. To wyj\u0105tkowa okazja, by z bliska zobaczy\u0107 dzie\u0142a jednego z najciekawszych wsp\u00f3\u0142czesnych polskich malarzy i zanurzy\u0107 si\u0119 w \u015bwiecie jego barwnych, a zarazem pe\u0142nych tre\u015bci wizji.<\/p>\n\n\n\n<figure class=\"wp-block-gallery has-nested-images columns-default is-cropped wp-block-gallery-1 is-layout-flex wp-block-gallery-is-layout-flex\">\n<figure class=\"wp-block-image size-large\"><img fetchpriority=\"high\" decoding=\"async\" width=\"1024\" height=\"741\" data-id=\"13624\" src=\"https:\/\/wml24.pl\/wp-content\/uploads\/2025\/08\/att.v-q3l7AFt_opCowsr77RYsXhys-KJJDLL4RvNB82zKs-1024x741.jpeg\" alt=\"\" class=\"wp-image-13624\" srcset=\"https:\/\/wml24.pl\/wp-content\/uploads\/2025\/08\/att.v-q3l7AFt_opCowsr77RYsXhys-KJJDLL4RvNB82zKs-1024x741.jpeg 1024w, https:\/\/wml24.pl\/wp-content\/uploads\/2025\/08\/att.v-q3l7AFt_opCowsr77RYsXhys-KJJDLL4RvNB82zKs-300x217.jpeg 300w, https:\/\/wml24.pl\/wp-content\/uploads\/2025\/08\/att.v-q3l7AFt_opCowsr77RYsXhys-KJJDLL4RvNB82zKs-768x556.jpeg 768w, https:\/\/wml24.pl\/wp-content\/uploads\/2025\/08\/att.v-q3l7AFt_opCowsr77RYsXhys-KJJDLL4RvNB82zKs.jpeg 1492w\" sizes=\"(max-width: 1024px) 100vw, 1024px\" \/><\/figure>\n\n\n\n<figure class=\"wp-block-image size-large\"><img decoding=\"async\" width=\"1024\" height=\"544\" data-id=\"13625\" src=\"https:\/\/wml24.pl\/wp-content\/uploads\/2025\/08\/att.bT8l4yktF87nH4prX7V6WNXPDrrSJFPq6y7mSugfvj8-1024x544.jpeg\" alt=\"\" class=\"wp-image-13625\" srcset=\"https:\/\/wml24.pl\/wp-content\/uploads\/2025\/08\/att.bT8l4yktF87nH4prX7V6WNXPDrrSJFPq6y7mSugfvj8-1024x544.jpeg 1024w, https:\/\/wml24.pl\/wp-content\/uploads\/2025\/08\/att.bT8l4yktF87nH4prX7V6WNXPDrrSJFPq6y7mSugfvj8-300x160.jpeg 300w, https:\/\/wml24.pl\/wp-content\/uploads\/2025\/08\/att.bT8l4yktF87nH4prX7V6WNXPDrrSJFPq6y7mSugfvj8-768x408.jpeg 768w, https:\/\/wml24.pl\/wp-content\/uploads\/2025\/08\/att.bT8l4yktF87nH4prX7V6WNXPDrrSJFPq6y7mSugfvj8.jpeg 1403w\" sizes=\"(max-width: 1024px) 100vw, 1024px\" \/><\/figure>\n\n\n\n<figure class=\"wp-block-image size-large\"><img decoding=\"async\" width=\"1000\" height=\"880\" data-id=\"13626\" src=\"https:\/\/wml24.pl\/wp-content\/uploads\/2025\/08\/att.eu9q3AXE-jENk3KaKJe-cB3OAqam3XLspWRkjHGl0iw.jpeg\" alt=\"\" class=\"wp-image-13626\" srcset=\"https:\/\/wml24.pl\/wp-content\/uploads\/2025\/08\/att.eu9q3AXE-jENk3KaKJe-cB3OAqam3XLspWRkjHGl0iw.jpeg 1000w, https:\/\/wml24.pl\/wp-content\/uploads\/2025\/08\/att.eu9q3AXE-jENk3KaKJe-cB3OAqam3XLspWRkjHGl0iw-300x264.jpeg 300w, https:\/\/wml24.pl\/wp-content\/uploads\/2025\/08\/att.eu9q3AXE-jENk3KaKJe-cB3OAqam3XLspWRkjHGl0iw-768x676.jpeg 768w\" sizes=\"(max-width: 1000px) 100vw, 1000px\" \/><\/figure>\n\n\n\n<figure class=\"wp-block-image size-large\"><img loading=\"lazy\" decoding=\"async\" width=\"1024\" height=\"577\" data-id=\"13627\" src=\"https:\/\/wml24.pl\/wp-content\/uploads\/2025\/08\/att.sjpaTjDrWD2KM2dylglKeOZ_zAVbT6irSbkJqUhTwbE-1024x577.jpeg\" alt=\"\" class=\"wp-image-13627\" srcset=\"https:\/\/wml24.pl\/wp-content\/uploads\/2025\/08\/att.sjpaTjDrWD2KM2dylglKeOZ_zAVbT6irSbkJqUhTwbE-1024x577.jpeg 1024w, https:\/\/wml24.pl\/wp-content\/uploads\/2025\/08\/att.sjpaTjDrWD2KM2dylglKeOZ_zAVbT6irSbkJqUhTwbE-300x169.jpeg 300w, https:\/\/wml24.pl\/wp-content\/uploads\/2025\/08\/att.sjpaTjDrWD2KM2dylglKeOZ_zAVbT6irSbkJqUhTwbE-768x433.jpeg 768w, https:\/\/wml24.pl\/wp-content\/uploads\/2025\/08\/att.sjpaTjDrWD2KM2dylglKeOZ_zAVbT6irSbkJqUhTwbE-1536x866.jpeg 1536w, https:\/\/wml24.pl\/wp-content\/uploads\/2025\/08\/att.sjpaTjDrWD2KM2dylglKeOZ_zAVbT6irSbkJqUhTwbE.jpeg 1913w\" sizes=\"(max-width: 1024px) 100vw, 1024px\" \/><\/figure>\n<\/figure>\n\n\n\n<p>\u0179r\u00f3d\u0142o i fot.: Muzeum Ziemi Zawkrze\u0144skiej&nbsp;<\/p>\n","protected":false},"excerpt":{"rendered":"<p>W pi\u0105tek, 8 sierpnia 2025 r. o godzinie 17:00, w Muzeum Ziemi Zawkrze\u0144skiej w M\u0142awie odby\u0142 si\u0119 wernisa\u017c wystawy malarskiej Jerzego Jasi\u0144skiego \u2013 uznanego polskiego artysty, kt\u00f3rego tw\u00f3rczo\u015b\u0107 od lat porusza widz\u00f3w swoj\u0105 g\u0142\u0119bi\u0105, ekspresj\u0105 i symbolik\u0105. Podczas spotkania malarz opowiedzia\u0142 o swoich inspiracjach, drodze artystycznej oraz procesie tw\u00f3rczym. Podzieli\u0142 si\u0119 refleksjami na temat \u017ar\u00f3de\u0142 [&hellip;]<\/p>\n","protected":false},"author":1,"featured_media":13628,"comment_status":"open","ping_status":"open","sticky":false,"template":"","format":"standard","meta":{"footnotes":""},"categories":[39,37],"tags":[1165,2827,957,41,250,229,535],"class_list":["post-13623","post","type-post","status-publish","format-standard","has-post-thumbnail","hentry","category-kultura","category-nasze-miasto","tag-1165","tag-jerzy-jasinski","tag-malarstwo","tag-mlawa","tag-muzeum-ziemi-zawkrzenskiej","tag-wystawa","tag-zaproszenie"],"_links":{"self":[{"href":"https:\/\/wml24.pl\/index.php?rest_route=\/wp\/v2\/posts\/13623","targetHints":{"allow":["GET"]}}],"collection":[{"href":"https:\/\/wml24.pl\/index.php?rest_route=\/wp\/v2\/posts"}],"about":[{"href":"https:\/\/wml24.pl\/index.php?rest_route=\/wp\/v2\/types\/post"}],"author":[{"embeddable":true,"href":"https:\/\/wml24.pl\/index.php?rest_route=\/wp\/v2\/users\/1"}],"replies":[{"embeddable":true,"href":"https:\/\/wml24.pl\/index.php?rest_route=%2Fwp%2Fv2%2Fcomments&post=13623"}],"version-history":[{"count":1,"href":"https:\/\/wml24.pl\/index.php?rest_route=\/wp\/v2\/posts\/13623\/revisions"}],"predecessor-version":[{"id":13629,"href":"https:\/\/wml24.pl\/index.php?rest_route=\/wp\/v2\/posts\/13623\/revisions\/13629"}],"wp:featuredmedia":[{"embeddable":true,"href":"https:\/\/wml24.pl\/index.php?rest_route=\/wp\/v2\/media\/13628"}],"wp:attachment":[{"href":"https:\/\/wml24.pl\/index.php?rest_route=%2Fwp%2Fv2%2Fmedia&parent=13623"}],"wp:term":[{"taxonomy":"category","embeddable":true,"href":"https:\/\/wml24.pl\/index.php?rest_route=%2Fwp%2Fv2%2Fcategories&post=13623"},{"taxonomy":"post_tag","embeddable":true,"href":"https:\/\/wml24.pl\/index.php?rest_route=%2Fwp%2Fv2%2Ftags&post=13623"}],"curies":[{"name":"wp","href":"https:\/\/api.w.org\/{rel}","templated":true}]}}