{"id":13630,"date":"2025-08-14T06:17:16","date_gmt":"2025-08-14T04:17:16","guid":{"rendered":"https:\/\/wml24.pl\/?p=13630"},"modified":"2025-08-14T06:20:40","modified_gmt":"2025-08-14T04:20:40","slug":"zalew-ruda-ponownie-zamkniety","status":"publish","type":"post","link":"https:\/\/wml24.pl\/?p=13630","title":{"rendered":"K\u0105pielisko Zalew Ruda ponownie zamkni\u0119te!\u00a0"},"content":{"rendered":"\n<p><strong>Miejski O\u015brodek Sportu i Rekreacji ponownie poinformowa\u0142 o czasowym zamkni\u0119ciu k\u0105pieliska nad Zalewem Ruda. Decyzja zosta\u0142a podj\u0119ta z uwagi na podejrzenie wyst\u0119powania sinic w wodzie. Ograniczenie obowi\u0105zuje do odwo\u0142ania.<\/strong><\/p>\n\n\n\n<p>Jak przekaza\u0142 MOSiR, w ostatnich dniach na powierzchni wody pojawi\u0142y si\u0119 charakterystyczne zielonkawe smugi, kt\u00f3re mog\u0105 \u015bwiadczy\u0107 o zakwicie sinic. W trosce o zdrowie i bezpiecze\u0144stwo os\u00f3b korzystaj\u0105cych z k\u0105pieliska, w\u0142adze obiektu zdecydowa\u0142y o wstrzymaniu k\u0105pieli.<\/p>\n\n\n\n<p>O ponownym otwarciu k\u0105pieliska b\u0119dziemy informowa\u0107.&nbsp;<\/p>\n\n\n\n<p>\u0179r\u00f3d\u0142o: MOSiR&nbsp;<\/p>\n","protected":false},"excerpt":{"rendered":"<p>Miejski O\u015brodek Sportu i Rekreacji ponownie poinformowa\u0142 o czasowym zamkni\u0119ciu k\u0105pieliska nad Zalewem Ruda. Decyzja zosta\u0142a podj\u0119ta z uwagi na podejrzenie wyst\u0119powania sinic w wodzie. Ograniczenie obowi\u0105zuje do odwo\u0142ania. Jak przekaza\u0142 MOSiR, w ostatnich dniach na powierzchni wody pojawi\u0142y si\u0119 charakterystyczne zielonkawe smugi, kt\u00f3re mog\u0105 \u015bwiadczy\u0107 o zakwicie sinic. W trosce o zdrowie i bezpiecze\u0144stwo [&hellip;]<\/p>\n","protected":false},"author":1,"featured_media":13631,"comment_status":"open","ping_status":"open","sticky":false,"template":"","format":"standard","meta":{"footnotes":""},"categories":[37],"tags":[1165,41,176,2889,378],"class_list":["post-13630","post","type-post","status-publish","format-standard","has-post-thumbnail","hentry","category-nasze-miasto","tag-1165","tag-mlawa","tag-mosir","tag-sinice","tag-zalew-ruda"],"_links":{"self":[{"href":"https:\/\/wml24.pl\/index.php?rest_route=\/wp\/v2\/posts\/13630","targetHints":{"allow":["GET"]}}],"collection":[{"href":"https:\/\/wml24.pl\/index.php?rest_route=\/wp\/v2\/posts"}],"about":[{"href":"https:\/\/wml24.pl\/index.php?rest_route=\/wp\/v2\/types\/post"}],"author":[{"embeddable":true,"href":"https:\/\/wml24.pl\/index.php?rest_route=\/wp\/v2\/users\/1"}],"replies":[{"embeddable":true,"href":"https:\/\/wml24.pl\/index.php?rest_route=%2Fwp%2Fv2%2Fcomments&post=13630"}],"version-history":[{"count":3,"href":"https:\/\/wml24.pl\/index.php?rest_route=\/wp\/v2\/posts\/13630\/revisions"}],"predecessor-version":[{"id":13634,"href":"https:\/\/wml24.pl\/index.php?rest_route=\/wp\/v2\/posts\/13630\/revisions\/13634"}],"wp:featuredmedia":[{"embeddable":true,"href":"https:\/\/wml24.pl\/index.php?rest_route=\/wp\/v2\/media\/13631"}],"wp:attachment":[{"href":"https:\/\/wml24.pl\/index.php?rest_route=%2Fwp%2Fv2%2Fmedia&parent=13630"}],"wp:term":[{"taxonomy":"category","embeddable":true,"href":"https:\/\/wml24.pl\/index.php?rest_route=%2Fwp%2Fv2%2Fcategories&post=13630"},{"taxonomy":"post_tag","embeddable":true,"href":"https:\/\/wml24.pl\/index.php?rest_route=%2Fwp%2Fv2%2Ftags&post=13630"}],"curies":[{"name":"wp","href":"https:\/\/api.w.org\/{rel}","templated":true}]}}