{"id":13657,"date":"2025-08-16T09:15:59","date_gmt":"2025-08-16T07:15:59","guid":{"rendered":"https:\/\/wml24.pl\/?p=13657"},"modified":"2025-08-16T09:15:59","modified_gmt":"2025-08-16T07:15:59","slug":"mlawianie-uczcili-swieto-wojska-polskiego-2","status":"publish","type":"post","link":"https:\/\/wml24.pl\/?p=13657","title":{"rendered":"M\u0142awianie uczcili \u015awi\u0119to Wojska Polskiego"},"content":{"rendered":"\n<p><strong>W pi\u0105tek, 15 sierpnia, mieszka\u0144cy M\u0142awy wzi\u0119li udzia\u0142 w uroczystych obchodach \u015awi\u0119ta Wojska Polskiego. Upami\u0119tniono Bitw\u0119 Warszawsk\u0105 z 1920 roku \u2013 jedno z najwa\u017cniejszych zwyci\u0119stw w dziejach Polski, znane jako \u201eCud nad Wis\u0142\u0105\u201d. To w\u0142a\u015bnie w sierpniu 1920 roku Wojsko Polskie pod dow\u00f3dztwem Marsza\u0142ka J\u00f3zefa Pi\u0142sudskiego zatrzyma\u0142o ofensyw\u0119 Armii Czerwonej, broni\u0105c niepodleg\u0142o\u015bci odradzaj\u0105cego si\u0119 pa\u0144stwa polskiego.<\/strong><\/p>\n\n\n\n<p><strong>Patriotyczna uroczysto\u015b\u0107 w M\u0142awie<\/strong><\/p>\n\n\n\n<p>Obchody w naszym mie\u015bcie rozpocz\u0119\u0142y si\u0119 msz\u0105 \u015bwi\u0119t\u0105 w ko\u015bciele pw. \u015awi\u0119tej Tr\u00f3jcy. Nast\u0119pnie uczestnicy przeszli do miejskiego parku, gdzie odby\u0142a si\u0119 cz\u0119\u015b\u0107 oficjalna.<\/p>\n\n\n\n<p>Spotkanie rozpocz\u0105\u0142 wyst\u0119p Zespo\u0142u Artystycznego Senior\u00f3w \u201eCantare\u201d, kt\u00f3ry przygotowa\u0142 wi\u0105zank\u0119 pi\u0119knych i wzruszaj\u0105cych pie\u015bni patriotycznych. Po od\u015bpiewaniu hymnu pa\u0144stwowego g\u0142os zabrali przedstawiciele w\u0142adz samorz\u0105dowych i pa\u0144stwowych \u2013 zast\u0119pca burmistrza Marcin Burchacki, pose\u0142 Anna Cicholska oraz wicestarosta Tomasz Chodubski.<\/p>\n\n\n\n<p><strong>Ho\u0142d dla Marsza\u0142ka Pi\u0142sudskiego<\/strong><\/p>\n\n\n\n<p>Kulminacyjnym momentem uroczysto\u015bci by\u0142o z\u0142o\u017cenie kwiat\u00f3w pod pomnikiem Marsza\u0142ka J\u00f3zefa Pi\u0142sudskiego \u2013 Naczelnego Wodza, kt\u00f3ry w 1920 roku poprowadzi\u0142 Wojsko Polskie do zwyci\u0119stwa, ocala\u0142ego w pami\u0119ci Polak\u00f3w jako \u201eCud nad Wis\u0142\u0105\u201d.<\/p>\n\n\n\n<p><strong>Pami\u0119\u0107 i duma narodowa<\/strong><\/p>\n\n\n\n<p>\u015awi\u0119to Wojska Polskiego to nie tylko okazja do wspomnienia historycznego triumfu, ale tak\u017ce wyraz szacunku wobec wszystkich \u017co\u0142nierzy, kt\u00f3rzy na przestrzeni wiek\u00f3w bronili Ojczyzny. M\u0142awskie obchody pokaza\u0142y, \u017ce lokalna spo\u0142eczno\u015b\u0107 piel\u0119gnuje pami\u0119\u0107 o bohaterach i wsp\u00f3lnie kultywuje tradycje patriotyczne.<\/p>\n\n\n\n<figure class=\"wp-block-gallery has-nested-images columns-default is-cropped wp-block-gallery-1 is-layout-flex wp-block-gallery-is-layout-flex\">\n<figure class=\"wp-block-image size-large\"><img fetchpriority=\"high\" decoding=\"async\" width=\"1024\" height=\"683\" data-id=\"13658\" src=\"https:\/\/wml24.pl\/wp-content\/uploads\/2025\/08\/IMG_6912-1024x683.jpeg\" alt=\"\" class=\"wp-image-13658\" srcset=\"https:\/\/wml24.pl\/wp-content\/uploads\/2025\/08\/IMG_6912-1024x683.jpeg 1024w, https:\/\/wml24.pl\/wp-content\/uploads\/2025\/08\/IMG_6912-300x200.jpeg 300w, https:\/\/wml24.pl\/wp-content\/uploads\/2025\/08\/IMG_6912-768x512.jpeg 768w, https:\/\/wml24.pl\/wp-content\/uploads\/2025\/08\/IMG_6912-1536x1024.jpeg 1536w, https:\/\/wml24.pl\/wp-content\/uploads\/2025\/08\/IMG_6912.jpeg 2048w\" sizes=\"(max-width: 1024px) 100vw, 1024px\" \/><\/figure>\n\n\n\n<figure class=\"wp-block-image size-large\"><img decoding=\"async\" width=\"1024\" height=\"683\" data-id=\"13659\" src=\"https:\/\/wml24.pl\/wp-content\/uploads\/2025\/08\/IMG_6913-1024x683.jpeg\" alt=\"\" class=\"wp-image-13659\" srcset=\"https:\/\/wml24.pl\/wp-content\/uploads\/2025\/08\/IMG_6913-1024x683.jpeg 1024w, https:\/\/wml24.pl\/wp-content\/uploads\/2025\/08\/IMG_6913-300x200.jpeg 300w, https:\/\/wml24.pl\/wp-content\/uploads\/2025\/08\/IMG_6913-768x512.jpeg 768w, https:\/\/wml24.pl\/wp-content\/uploads\/2025\/08\/IMG_6913-1536x1024.jpeg 1536w, https:\/\/wml24.pl\/wp-content\/uploads\/2025\/08\/IMG_6913.jpeg 2048w\" sizes=\"(max-width: 1024px) 100vw, 1024px\" \/><\/figure>\n\n\n\n<figure class=\"wp-block-image size-large\"><img decoding=\"async\" width=\"1024\" height=\"683\" data-id=\"13660\" src=\"https:\/\/wml24.pl\/wp-content\/uploads\/2025\/08\/IMG_6914-1024x683.jpeg\" alt=\"\" class=\"wp-image-13660\" srcset=\"https:\/\/wml24.pl\/wp-content\/uploads\/2025\/08\/IMG_6914-1024x683.jpeg 1024w, https:\/\/wml24.pl\/wp-content\/uploads\/2025\/08\/IMG_6914-300x200.jpeg 300w, https:\/\/wml24.pl\/wp-content\/uploads\/2025\/08\/IMG_6914-768x512.jpeg 768w, https:\/\/wml24.pl\/wp-content\/uploads\/2025\/08\/IMG_6914-1536x1024.jpeg 1536w, https:\/\/wml24.pl\/wp-content\/uploads\/2025\/08\/IMG_6914.jpeg 2048w\" sizes=\"(max-width: 1024px) 100vw, 1024px\" \/><\/figure>\n\n\n\n<figure class=\"wp-block-image size-large\"><img loading=\"lazy\" decoding=\"async\" width=\"1024\" height=\"683\" data-id=\"13661\" src=\"https:\/\/wml24.pl\/wp-content\/uploads\/2025\/08\/IMG_6915-1024x683.jpeg\" alt=\"\" class=\"wp-image-13661\" srcset=\"https:\/\/wml24.pl\/wp-content\/uploads\/2025\/08\/IMG_6915-1024x683.jpeg 1024w, https:\/\/wml24.pl\/wp-content\/uploads\/2025\/08\/IMG_6915-300x200.jpeg 300w, https:\/\/wml24.pl\/wp-content\/uploads\/2025\/08\/IMG_6915-768x512.jpeg 768w, https:\/\/wml24.pl\/wp-content\/uploads\/2025\/08\/IMG_6915-1536x1024.jpeg 1536w, https:\/\/wml24.pl\/wp-content\/uploads\/2025\/08\/IMG_6915.jpeg 2048w\" sizes=\"(max-width: 1024px) 100vw, 1024px\" \/><\/figure>\n\n\n\n<figure class=\"wp-block-image size-large\"><img loading=\"lazy\" decoding=\"async\" width=\"1024\" height=\"683\" data-id=\"13662\" src=\"https:\/\/wml24.pl\/wp-content\/uploads\/2025\/08\/IMG_6916-1024x683.jpeg\" alt=\"\" class=\"wp-image-13662\" srcset=\"https:\/\/wml24.pl\/wp-content\/uploads\/2025\/08\/IMG_6916-1024x683.jpeg 1024w, https:\/\/wml24.pl\/wp-content\/uploads\/2025\/08\/IMG_6916-300x200.jpeg 300w, https:\/\/wml24.pl\/wp-content\/uploads\/2025\/08\/IMG_6916-768x512.jpeg 768w, https:\/\/wml24.pl\/wp-content\/uploads\/2025\/08\/IMG_6916-1536x1024.jpeg 1536w, https:\/\/wml24.pl\/wp-content\/uploads\/2025\/08\/IMG_6916.jpeg 2048w\" sizes=\"(max-width: 1024px) 100vw, 1024px\" \/><\/figure>\n\n\n\n<figure class=\"wp-block-image size-large\"><img loading=\"lazy\" decoding=\"async\" width=\"1024\" height=\"683\" data-id=\"13663\" src=\"https:\/\/wml24.pl\/wp-content\/uploads\/2025\/08\/IMG_6917-1024x683.jpeg\" alt=\"\" class=\"wp-image-13663\" srcset=\"https:\/\/wml24.pl\/wp-content\/uploads\/2025\/08\/IMG_6917-1024x683.jpeg 1024w, https:\/\/wml24.pl\/wp-content\/uploads\/2025\/08\/IMG_6917-300x200.jpeg 300w, https:\/\/wml24.pl\/wp-content\/uploads\/2025\/08\/IMG_6917-768x512.jpeg 768w, https:\/\/wml24.pl\/wp-content\/uploads\/2025\/08\/IMG_6917-1536x1024.jpeg 1536w, https:\/\/wml24.pl\/wp-content\/uploads\/2025\/08\/IMG_6917.jpeg 2048w\" sizes=\"(max-width: 1024px) 100vw, 1024px\" \/><\/figure>\n\n\n\n<figure class=\"wp-block-image size-large\"><img loading=\"lazy\" decoding=\"async\" width=\"1024\" height=\"683\" data-id=\"13664\" src=\"https:\/\/wml24.pl\/wp-content\/uploads\/2025\/08\/IMG_6918-1024x683.jpeg\" alt=\"\" class=\"wp-image-13664\" srcset=\"https:\/\/wml24.pl\/wp-content\/uploads\/2025\/08\/IMG_6918-1024x683.jpeg 1024w, https:\/\/wml24.pl\/wp-content\/uploads\/2025\/08\/IMG_6918-300x200.jpeg 300w, https:\/\/wml24.pl\/wp-content\/uploads\/2025\/08\/IMG_6918-768x512.jpeg 768w, https:\/\/wml24.pl\/wp-content\/uploads\/2025\/08\/IMG_6918-1536x1024.jpeg 1536w, https:\/\/wml24.pl\/wp-content\/uploads\/2025\/08\/IMG_6918.jpeg 2048w\" sizes=\"(max-width: 1024px) 100vw, 1024px\" \/><\/figure>\n\n\n\n<figure class=\"wp-block-image size-large\"><img loading=\"lazy\" decoding=\"async\" width=\"1024\" height=\"683\" data-id=\"13665\" src=\"https:\/\/wml24.pl\/wp-content\/uploads\/2025\/08\/IMG_6919-1024x683.jpeg\" alt=\"\" class=\"wp-image-13665\" srcset=\"https:\/\/wml24.pl\/wp-content\/uploads\/2025\/08\/IMG_6919-1024x683.jpeg 1024w, https:\/\/wml24.pl\/wp-content\/uploads\/2025\/08\/IMG_6919-300x200.jpeg 300w, https:\/\/wml24.pl\/wp-content\/uploads\/2025\/08\/IMG_6919-768x512.jpeg 768w, https:\/\/wml24.pl\/wp-content\/uploads\/2025\/08\/IMG_6919-1536x1024.jpeg 1536w, https:\/\/wml24.pl\/wp-content\/uploads\/2025\/08\/IMG_6919.jpeg 2048w\" sizes=\"(max-width: 1024px) 100vw, 1024px\" \/><\/figure>\n\n\n\n<figure class=\"wp-block-image size-large\"><img loading=\"lazy\" decoding=\"async\" width=\"1024\" height=\"683\" data-id=\"13666\" src=\"https:\/\/wml24.pl\/wp-content\/uploads\/2025\/08\/IMG_6920-1024x683.jpeg\" alt=\"\" class=\"wp-image-13666\" srcset=\"https:\/\/wml24.pl\/wp-content\/uploads\/2025\/08\/IMG_6920-1024x683.jpeg 1024w, https:\/\/wml24.pl\/wp-content\/uploads\/2025\/08\/IMG_6920-300x200.jpeg 300w, https:\/\/wml24.pl\/wp-content\/uploads\/2025\/08\/IMG_6920-768x512.jpeg 768w, https:\/\/wml24.pl\/wp-content\/uploads\/2025\/08\/IMG_6920-1536x1024.jpeg 1536w, https:\/\/wml24.pl\/wp-content\/uploads\/2025\/08\/IMG_6920.jpeg 2048w\" sizes=\"(max-width: 1024px) 100vw, 1024px\" \/><\/figure>\n<\/figure>\n\n\n\n<p>Fot.: UM M\u0142awa&nbsp;<\/p>\n","protected":false},"excerpt":{"rendered":"<p>W pi\u0105tek, 15 sierpnia, mieszka\u0144cy M\u0142awy wzi\u0119li udzia\u0142 w uroczystych obchodach \u015awi\u0119ta Wojska Polskiego. Upami\u0119tniono Bitw\u0119 Warszawsk\u0105 z 1920 roku \u2013 jedno z najwa\u017cniejszych zwyci\u0119stw w dziejach Polski, znane jako \u201eCud nad Wis\u0142\u0105\u201d. To w\u0142a\u015bnie w sierpniu 1920 roku Wojsko Polskie pod dow\u00f3dztwem Marsza\u0142ka J\u00f3zefa Pi\u0142sudskiego zatrzyma\u0142o ofensyw\u0119 Armii Czerwonej, broni\u0105c niepodleg\u0142o\u015bci odradzaj\u0105cego si\u0119 pa\u0144stwa [&hellip;]<\/p>\n","protected":false},"author":1,"featured_media":13667,"comment_status":"open","ping_status":"open","sticky":false,"template":"","format":"standard","meta":{"footnotes":""},"categories":[39,37],"tags":[1165,41,637,450,1401,2869],"class_list":["post-13657","post","type-post","status-publish","format-standard","has-post-thumbnail","hentry","category-kultura","category-nasze-miasto","tag-1165","tag-mlawa","tag-mlawianie","tag-obchody","tag-patriotyzm","tag-swieto-wojska-polskiego"],"_links":{"self":[{"href":"https:\/\/wml24.pl\/index.php?rest_route=\/wp\/v2\/posts\/13657","targetHints":{"allow":["GET"]}}],"collection":[{"href":"https:\/\/wml24.pl\/index.php?rest_route=\/wp\/v2\/posts"}],"about":[{"href":"https:\/\/wml24.pl\/index.php?rest_route=\/wp\/v2\/types\/post"}],"author":[{"embeddable":true,"href":"https:\/\/wml24.pl\/index.php?rest_route=\/wp\/v2\/users\/1"}],"replies":[{"embeddable":true,"href":"https:\/\/wml24.pl\/index.php?rest_route=%2Fwp%2Fv2%2Fcomments&post=13657"}],"version-history":[{"count":1,"href":"https:\/\/wml24.pl\/index.php?rest_route=\/wp\/v2\/posts\/13657\/revisions"}],"predecessor-version":[{"id":13668,"href":"https:\/\/wml24.pl\/index.php?rest_route=\/wp\/v2\/posts\/13657\/revisions\/13668"}],"wp:featuredmedia":[{"embeddable":true,"href":"https:\/\/wml24.pl\/index.php?rest_route=\/wp\/v2\/media\/13667"}],"wp:attachment":[{"href":"https:\/\/wml24.pl\/index.php?rest_route=%2Fwp%2Fv2%2Fmedia&parent=13657"}],"wp:term":[{"taxonomy":"category","embeddable":true,"href":"https:\/\/wml24.pl\/index.php?rest_route=%2Fwp%2Fv2%2Fcategories&post=13657"},{"taxonomy":"post_tag","embeddable":true,"href":"https:\/\/wml24.pl\/index.php?rest_route=%2Fwp%2Fv2%2Ftags&post=13657"}],"curies":[{"name":"wp","href":"https:\/\/api.w.org\/{rel}","templated":true}]}}