{"id":15180,"date":"2025-11-19T06:00:00","date_gmt":"2025-11-19T05:00:00","guid":{"rendered":"https:\/\/wml24.pl\/?p=15180"},"modified":"2025-11-18T18:35:36","modified_gmt":"2025-11-18T17:35:36","slug":"mlawa-modernizuje-oswietlenie-uliczne-ruszyly-prace-w-ramach-projektu-poprawa-efektywnosci-energetycznej","status":"publish","type":"post","link":"https:\/\/wml24.pl\/?p=15180","title":{"rendered":"M\u0142awa modernizuje o\u015bwietlenie uliczne \u2014 ruszy\u0142y prace w ramach projektu \u201ePoprawa efektywno\u015bci energetycznej\u201d"},"content":{"rendered":"\n<p><strong>Na terenie miasta M\u0142awa trwaj\u0105 intensywne prace zwi\u0105zane z wymian\u0105 opraw o\u015bwietleniowych w ramach zadania pn. \u201ePoprawa efektywno\u015bci energetycznej w Mie\u015bcie M\u0142awa\u201d. To kolejny krok samorz\u0105du w kierunku modernizacji miejskiej infrastruktury oraz redukcji koszt\u00f3w zwi\u0105zanych z zu\u017cyciem energii elektrycznej.<\/strong><\/p>\n\n\n\n<p>Zgodnie z harmonogramem przekazanym przez wykonawc\u0119 \u2013 firm\u0119&nbsp;<strong>Centrum Zaopatrzenia Energetyki ELTAST Sp. z o.o.<\/strong>&nbsp;z siedzib\u0105 w Radomiu \u2013 prace rozpocz\u0119\u0142y si\u0119&nbsp;<strong>12 listopada<\/strong>. Roboty obejmuj\u0105 wymian\u0119 starych, nieefektywnych opraw sodowych na nowoczesne i energooszcz\u0119dne oprawy typu LED, kt\u00f3re cechuj\u0105 si\u0119 wi\u0119ksz\u0105 trwa\u0142o\u015bci\u0105 oraz ni\u017cszymi kosztami eksploatacji.<\/p>\n\n\n\n<p><strong>Harmonogram i zasady bezpiecze\u0144stwa<\/strong><\/p>\n\n\n\n<p>Miasto informuje, \u017ce obecnie prace s\u0105 prowadzone zgodnie z ustalonym harmonogramem, kt\u00f3ry jest dost\u0119pny <a href=\"https:\/\/mlawa.pl\/sites\/default\/files\/attachments\/Harmonogram%20dot.%20Poprawa%20efektywno%C5%9Bci%20energetycznej%20w%20mie%C5%9Bcie%20M%C5%82awa.pdf\" data-type=\"link\" data-id=\"https:\/\/mlawa.pl\/sites\/default\/files\/attachments\/Harmonogram%20dot.%20Poprawa%20efektywno%C5%9Bci%20energetycznej%20w%20mie%C5%9Bcie%20M%C5%82awa.pdf\">KLIKNIJ TUTAJ<\/a>. Mieszka\u0144cy s\u0105 proszeni o zachowanie szczeg\u00f3lnej ostro\u017cno\u015bci w okolicach miejsc, gdzie prowadzone s\u0105 roboty, oraz o \u015bledzenie komunikat\u00f3w dotycz\u0105cych ewentualnych zmian w planie realizacji inwestycji. O wszelkich aktualizacjach miasto b\u0119dzie informowa\u0107 na bie\u017c\u0105co.<\/p>\n\n\n\n<p><strong>Projekt z dofinansowaniem rz\u0105dowym<\/strong><\/p>\n\n\n\n<p>Inwestycja jest realizowana dzi\u0119ki wsparciu z&nbsp;<strong>Rz\u0105dowego Funduszu Polski \u0141ad: Program Inwestycji Strategicznych<\/strong>, kt\u00f3ry umo\u017cliwi\u0142 znaczne obni\u017cenie koszt\u00f3w po stronie miasta. Ca\u0142kowita warto\u015b\u0107 zadania wynosi&nbsp;<strong>1 392 360,00 z\u0142<\/strong>, z czego a\u017c&nbsp;<strong>1 113 888,00 z\u0142<\/strong>&nbsp;stanowi dofinansowanie zewn\u0119trzne. Pozosta\u0142e \u015brodki pochodz\u0105 z bud\u017cetu miasta.<\/p>\n\n\n\n<p><strong>Cel inwestycji<\/strong><\/p>\n\n\n\n<p>Modernizacja o\u015bwietlenia to jedno z kluczowych dzia\u0142a\u0144 podejmowanych w ramach poprawy efektywno\u015bci energetycznej i dba\u0142o\u015bci o \u015brodowisko naturalne. Wymiana starych opraw na LED-owe oprawy o\u015bwietleniowe nie tylko poprawi jako\u015b\u0107 \u015bwiat\u0142a i bezpiecze\u0144stwo na ulicach, ale r\u00f3wnie\u017c przyczyni si\u0119 do znacz\u0105cej redukcji zu\u017cycia energii, a tym samym \u2013 obni\u017cenia koszt\u00f3w utrzymania infrastruktury o\u015bwietleniowej.<\/p>\n\n\n\n<p>Nowe o\u015bwietlenie to r\u00f3wnie\u017c korzy\u015bci ekologiczne \u2013 zmniejszenie emisji CO\u2082 w zwi\u0105zku z ni\u017cszym zu\u017cyciem pr\u0105du oraz zastosowanie nowoczesnych technologii w s\u0142u\u017cbie zr\u00f3wnowa\u017conego rozwoju.<\/p>\n\n\n\n<p>\u0179r\u00f3d\u0142o i fot.: UM M\u0142awa&nbsp;<\/p>\n","protected":false},"excerpt":{"rendered":"<p>Na terenie miasta M\u0142awa trwaj\u0105 intensywne prace zwi\u0105zane z wymian\u0105 opraw o\u015bwietleniowych w ramach zadania pn. \u201ePoprawa efektywno\u015bci energetycznej w Mie\u015bcie M\u0142awa\u201d. To kolejny krok samorz\u0105du w kierunku modernizacji miejskiej infrastruktury oraz redukcji koszt\u00f3w zwi\u0105zanych z zu\u017cyciem energii elektrycznej. Zgodnie z harmonogramem przekazanym przez wykonawc\u0119 \u2013 firm\u0119&nbsp;Centrum Zaopatrzenia Energetyki ELTAST Sp. z o.o.&nbsp;z siedzib\u0105 w [&hellip;]<\/p>\n","protected":false},"author":1,"featured_media":15181,"comment_status":"open","ping_status":"open","sticky":false,"template":"","format":"standard","meta":{"footnotes":""},"categories":[37],"tags":[1165,364,1690,41,1488,1369],"class_list":["post-15180","post","type-post","status-publish","format-standard","has-post-thumbnail","hentry","category-nasze-miasto","tag-1165","tag-inwestycja","tag-led","tag-mlawa","tag-modernizacja","tag-oswietlenie"],"_links":{"self":[{"href":"https:\/\/wml24.pl\/index.php?rest_route=\/wp\/v2\/posts\/15180","targetHints":{"allow":["GET"]}}],"collection":[{"href":"https:\/\/wml24.pl\/index.php?rest_route=\/wp\/v2\/posts"}],"about":[{"href":"https:\/\/wml24.pl\/index.php?rest_route=\/wp\/v2\/types\/post"}],"author":[{"embeddable":true,"href":"https:\/\/wml24.pl\/index.php?rest_route=\/wp\/v2\/users\/1"}],"replies":[{"embeddable":true,"href":"https:\/\/wml24.pl\/index.php?rest_route=%2Fwp%2Fv2%2Fcomments&post=15180"}],"version-history":[{"count":1,"href":"https:\/\/wml24.pl\/index.php?rest_route=\/wp\/v2\/posts\/15180\/revisions"}],"predecessor-version":[{"id":15182,"href":"https:\/\/wml24.pl\/index.php?rest_route=\/wp\/v2\/posts\/15180\/revisions\/15182"}],"wp:featuredmedia":[{"embeddable":true,"href":"https:\/\/wml24.pl\/index.php?rest_route=\/wp\/v2\/media\/15181"}],"wp:attachment":[{"href":"https:\/\/wml24.pl\/index.php?rest_route=%2Fwp%2Fv2%2Fmedia&parent=15180"}],"wp:term":[{"taxonomy":"category","embeddable":true,"href":"https:\/\/wml24.pl\/index.php?rest_route=%2Fwp%2Fv2%2Fcategories&post=15180"},{"taxonomy":"post_tag","embeddable":true,"href":"https:\/\/wml24.pl\/index.php?rest_route=%2Fwp%2Fv2%2Ftags&post=15180"}],"curies":[{"name":"wp","href":"https:\/\/api.w.org\/{rel}","templated":true}]}}