{"id":15186,"date":"2025-11-20T06:00:00","date_gmt":"2025-11-20T05:00:00","guid":{"rendered":"https:\/\/wml24.pl\/?p=15186"},"modified":"2025-11-19T12:30:58","modified_gmt":"2025-11-19T11:30:58","slug":"w-mlawie-ruszyla-duza-inwestycja-drogowa-i-retencyjna-prace-rozpoczely-sie-na-ul-mickiewicza-i-kaplicznej","status":"publish","type":"post","link":"https:\/\/wml24.pl\/?p=15186","title":{"rendered":"W M\u0142awie ruszy\u0142a du\u017ca inwestycja drogowa i retencyjna. Prace rozpocz\u0119\u0142y si\u0119 na ul. Mickiewicza i Kaplicznej"},"content":{"rendered":"\n<p><strong>W M\u0142awie rozpocz\u0119\u0142y si\u0119 prace zwi\u0105zane z jedn\u0105 z wi\u0119kszych inwestycji miejskich. Zakres rob\u00f3t obejmuje ulice Mickiewicza, Kapliczn\u0105, Rynkow\u0105 i Przyrynek, a tak\u017ce teren skweru pomi\u0119dzy nimi. To kompleksowe przedsi\u0119wzi\u0119cie ma poprawi\u0107 zar\u00f3wno infrastruktur\u0119 drogow\u0105, jak i system gospodarowania wodami opadowymi w tej cz\u0119\u015bci miasta.<\/strong><\/p>\n\n\n\n<p><strong>Ruszy\u0142y pierwsze roboty \u2013 frezowanie na Mickiewicza i Kaplicznej<\/strong><\/p>\n\n\n\n<p>Pierwsze prace ruszy\u0142y na ul. Mickiewicza i Kaplicznej, gdzie ekipy wykonuj\u0105 frezowanie istniej\u0105cej nawierzchni. To pocz\u0105tek wi\u0119kszego zakresu rob\u00f3t, kt\u00f3re b\u0119d\u0105 prowadzone etapowo, aby mo\u017cliwie najmniej utrudnia\u0107 \u017cycie mieszka\u0144com.<\/p>\n\n\n\n<p>W pierwszej kolejno\u015bci drogowcy pracuj\u0105 na ul. Mickiewicza w kierunku skrzy\u017cowania z ul. Kapliczn\u0105. Takie dzia\u0142anie pozwoli sukcesywnie zamyka\u0107 kolejne odcinki, jednocze\u015bnie utrzymuj\u0105c przejezdno\u015b\u0107 tam, gdzie b\u0119dzie to mo\u017cliwe. Miasto zapewnia, \u017ce organizacja prac zosta\u0142a zaplanowana tak, aby maksymalnie ograniczy\u0107 niedogodno\u015bci.<\/p>\n\n\n\n<p><strong>Nowa nawierzchnia i ekologiczne rozwi\u0105zania<\/strong><\/p>\n\n\n\n<p>Inwestycja zak\u0142ada wymian\u0119 dotychczasowej nawierzchni na&nbsp;<strong>kostk\u0119 betonow\u0105<\/strong>&nbsp;oraz wdro\u017cenie nowoczesnych element\u00f3w infrastruktury retencyjnej. W tym rejonie miasta powstan\u0105 rozwi\u0105zania umo\u017cliwiaj\u0105ce skuteczniejsze odprowadzanie i zatrzymywanie w\u00f3d opadowych.<\/p>\n\n\n\n<p>Woda b\u0119dzie kierowana m.in. do powierzchni biologicznie czynnych, czyli teren\u00f3w zieleni, a tak\u017ce poprzez&nbsp;<strong>kraw\u0119\u017cniki odwodnieniowe<\/strong>&nbsp;i&nbsp;<strong>panele polipropylenowe<\/strong>, kt\u00f3re pozwalaj\u0105 na infiltracj\u0119 wody do gruntu. Takie podej\u015bcie pomaga poprawi\u0107 retencj\u0119, zmniejszy\u0107 ryzyko lokalnych podtopie\u0144 i lepiej dostosowa\u0107 przestrze\u0144 do rosn\u0105cej cz\u0119stotliwo\u015bci intensywnych opad\u00f3w.<\/p>\n\n\n\n<p><strong>Skwer stanie si\u0119 przestrzeni\u0105 retencyjn\u0105<\/strong><\/p>\n\n\n\n<p>Opr\u00f3cz modernizacji ulic Kaplicznej, Rynkowej i Przyrynek, przebudowany zostanie tak\u017ce skwer znajduj\u0105cy si\u0119 mi\u0119dzy tymi ulicami. Zostanie on przystosowany do pe\u0142nienia funkcji retencyjnych i ekologicznych \u2013 stanie si\u0119 miejscem, kt\u00f3re nie tylko upi\u0119kszy okolic\u0119, ale r\u00f3wnie\u017c wesprze system naturalnego obiegu wody.<\/p>\n\n\n\n<p><strong>Koszt inwestycji i harmonogram<\/strong><\/p>\n\n\n\n<p>Za realizacj\u0119 zadania odpowiada firma&nbsp;<strong>EM-BRUK Sp. z o.o.<\/strong>, wy\u0142oniona w przetargu. Wykonawca ma&nbsp;<strong>9 miesi\u0119cy<\/strong>od dnia podpisania umowy na zako\u0144czenie wszystkich rob\u00f3t. Warto\u015b\u0107 prac wynosi&nbsp;<strong>3 569 034,79 z\u0142<\/strong>.<\/p>\n\n\n\n<p>Projekt powstaje w ramach przedsi\u0119wzi\u0119cia:<\/p>\n\n\n\n<p><strong>\u201eZintegrowane przedsi\u0119wzi\u0119cia infrastrukturalne dostosowuj\u0105ce teren Miasta M\u0142awa do zmian warunk\u00f3w pogodowych poprzez popraw\u0119 retencji i zarz\u0105dzanie wodami opadowymi\u201d<\/strong>,<\/p>\n\n\n\n<p>wsp\u00f3\u0142finansowanego z&nbsp;<strong>Programu Fundusze Europejskie dla Polski Wschodniej 2021\u20132027<\/strong>, priorytet&nbsp;<em>Energia i klimat<\/em>, dzia\u0142anie&nbsp;<em>2.2 Adaptacja do zmian klimatu<\/em>.<\/p>\n\n\n\n<p><strong>Ca\u0142kowita warto\u015b\u0107 projektu:<\/strong>&nbsp;29 665 440,04 z\u0142<\/p>\n\n\n\n<p><strong>Wk\u0142ad z Funduszy Europejskich:<\/strong>&nbsp;25 215 623,37 z\u0142<\/p>\n\n\n\n<p><strong>Dlaczego to wa\u017cne?<\/strong><\/p>\n\n\n\n<p>Inwestycje retencyjne staj\u0105 si\u0119 nieodzown\u0105 cz\u0119\u015bci\u0105 miejskiej infrastruktury. Opr\u00f3cz poprawy codziennego komfortu mieszka\u0144c\u00f3w \u2014 lepszej jako\u015bci dr\u00f3g czy uporz\u0105dkowanego odwodnienia \u2014 maj\u0105 znaczenie w kontek\u015bcie ochrony \u015brodowiska i przeciwdzia\u0142ania skutkom zmian klimatu.<\/p>\n\n\n\n<p>Coraz cz\u0119stsze gwa\u0142towne ulewy wymagaj\u0105 odpowiedzialnego gospodarowania wodami opadowymi. Warto pami\u0119ta\u0107, \u017ce ka\u017cdy mieszkaniec mo\u017ce do\u0142o\u017cy\u0107 swoj\u0105 cegie\u0142k\u0119 \u2014 np. dbaj\u0105c o ziele\u0144, stosuj\u0105c ma\u0142e rozwi\u0105zania retencyjne na swojej posesji czy ograniczaj\u0105c betonowanie ogrod\u00f3w. Nawet niewielkie inicjatywy, podj\u0119te przez wiele os\u00f3b, realnie wp\u0142ywaj\u0105 na bezpiecze\u0144stwo oraz jako\u015b\u0107 \u017cycia w mie\u015bcie.<\/p>\n\n\n\n<p>\u0179r\u00f3d\u0142o i fot.: UM M\u0142awa&nbsp;<\/p>\n","protected":false},"excerpt":{"rendered":"<p>W M\u0142awie rozpocz\u0119\u0142y si\u0119 prace zwi\u0105zane z jedn\u0105 z wi\u0119kszych inwestycji miejskich. Zakres rob\u00f3t obejmuje ulice Mickiewicza, Kapliczn\u0105, Rynkow\u0105 i Przyrynek, a tak\u017ce teren skweru pomi\u0119dzy nimi. To kompleksowe przedsi\u0119wzi\u0119cie ma poprawi\u0107 zar\u00f3wno infrastruktur\u0119 drogow\u0105, jak i system gospodarowania wodami opadowymi w tej cz\u0119\u015bci miasta. Ruszy\u0142y pierwsze roboty \u2013 frezowanie na Mickiewicza i Kaplicznej Pierwsze [&hellip;]<\/p>\n","protected":false},"author":1,"featured_media":15187,"comment_status":"open","ping_status":"open","sticky":false,"template":"","format":"standard","meta":{"footnotes":""},"categories":[37],"tags":[1165,364,41,2683,2194,1464],"class_list":["post-15186","post","type-post","status-publish","format-standard","has-post-thumbnail","hentry","category-nasze-miasto","tag-1165","tag-inwestycja","tag-mlawa","tag-remont-drog","tag-retencja","tag-zmiany"],"_links":{"self":[{"href":"https:\/\/wml24.pl\/index.php?rest_route=\/wp\/v2\/posts\/15186","targetHints":{"allow":["GET"]}}],"collection":[{"href":"https:\/\/wml24.pl\/index.php?rest_route=\/wp\/v2\/posts"}],"about":[{"href":"https:\/\/wml24.pl\/index.php?rest_route=\/wp\/v2\/types\/post"}],"author":[{"embeddable":true,"href":"https:\/\/wml24.pl\/index.php?rest_route=\/wp\/v2\/users\/1"}],"replies":[{"embeddable":true,"href":"https:\/\/wml24.pl\/index.php?rest_route=%2Fwp%2Fv2%2Fcomments&post=15186"}],"version-history":[{"count":1,"href":"https:\/\/wml24.pl\/index.php?rest_route=\/wp\/v2\/posts\/15186\/revisions"}],"predecessor-version":[{"id":15188,"href":"https:\/\/wml24.pl\/index.php?rest_route=\/wp\/v2\/posts\/15186\/revisions\/15188"}],"wp:featuredmedia":[{"embeddable":true,"href":"https:\/\/wml24.pl\/index.php?rest_route=\/wp\/v2\/media\/15187"}],"wp:attachment":[{"href":"https:\/\/wml24.pl\/index.php?rest_route=%2Fwp%2Fv2%2Fmedia&parent=15186"}],"wp:term":[{"taxonomy":"category","embeddable":true,"href":"https:\/\/wml24.pl\/index.php?rest_route=%2Fwp%2Fv2%2Fcategories&post=15186"},{"taxonomy":"post_tag","embeddable":true,"href":"https:\/\/wml24.pl\/index.php?rest_route=%2Fwp%2Fv2%2Ftags&post=15186"}],"curies":[{"name":"wp","href":"https:\/\/api.w.org\/{rel}","templated":true}]}}