{"id":15216,"date":"2025-11-21T06:00:00","date_gmt":"2025-11-21T05:00:00","guid":{"rendered":"https:\/\/wml24.pl\/?p=15216"},"modified":"2025-11-20T19:53:39","modified_gmt":"2025-11-20T18:53:39","slug":"podziekowania-dla-pracownikow-socjalnych-z-okazji-ich-swieta-powiat-mlawski-docenia-ich-codzienna-misje-niesienia-pomocy","status":"publish","type":"post","link":"https:\/\/wml24.pl\/?p=15216","title":{"rendered":"Podzi\u0119kowania dla pracownik\u00f3w socjalnych z okazji ich \u015bwi\u0119ta. Powiat M\u0142awski docenia ich codzienn\u0105 misj\u0119 niesienia pomocy"},"content":{"rendered":"\n<p><strong>Dzie\u0144 Pracownika Socjalnego to wyj\u0105tkowa okazja, aby wyrazi\u0107 wdzi\u0119czno\u015b\u0107 osobom, kt\u00f3re swoj\u0105 codzienn\u0105 prac\u0105 zmieniaj\u0105 \u017cycie innych na lepsze. To w\u0142a\u015bnie oni \u2013 pracownicy socjalni \u2013 stoj\u0105 na pierwszej linii wsparcia, nios\u0105c pomoc osobom starszym, chorym, z niepe\u0142nosprawno\u015bci\u0105, rodzinom w trudnej sytuacji oraz wszystkim, kt\u00f3rzy potrzebuj\u0105 \u017cyczliwo\u015bci i profesjonalnej opieki.<\/strong><\/p>\n\n\n\n<p>Przedstawiciele Powiatu M\u0142awskiego w osobach: Starosty M\u0142awskiego Witolda Okumskiego, Wicestarosty Tomasza Chodobskiego, Sekretarza Powiatu Jerzego K\u0105ckiego, Skarbnik Powiatu Marioli Rostkowskiej oraz Cz\u0142onk\u00f3w Zarz\u0105du Powiatu: Artura Kacprzaka i Jacka Szlachty, spotkali si\u0119 z dyrektorami plac\u00f3wek pomocowych, by podzi\u0119kowa\u0107 pracownikom za ich zaanga\u017cowanie i trud wk\u0142adany w codzienn\u0105 prac\u0119.<\/p>\n\n\n\n<p>Samorz\u0105dowcy przekazali na r\u0119ce dyrektor\u00f3w kwiaty, \u017cyczenia oraz pisemne podzi\u0119kowania, podkre\u015blaj\u0105c wyj\u0105tkow\u0105 rol\u0119, jak\u0105 w spo\u0142eczno\u015bci odgrywaj\u0105 pracownicy socjalni. To ich praca, cz\u0119sto cicha i niedostrzegana, tworzy fundament lokalnego systemu wsparcia.<\/p>\n\n\n\n<p><strong>Podzi\u0119kowania odebrali:<\/strong><\/p>\n\n\n\n<p>Pani Marlena Watemborska \u2013 Dyrektor Centrum Administracyjnego do Obs\u0142ugi Plac\u00f3wek Opieku\u0144czo-Wychowawczych w Kowalewie<\/p>\n\n\n\n<p>Pani Barbara Brzozowska \u2013 Dyrektor \u015arodowiskowego Domu Samopomocy w M\u0142awie<\/p>\n\n\n\n<p>Pan \u0141ukasz Deptu\u0142a \u2013 Dyrektor Zespo\u0142u O\u015brodk\u00f3w Wsparcia w M\u0142awie<\/p>\n\n\n\n<p>Pani Iwona Bartnicka \u2013 w imieniu Pani Anny Szczypi\u0144skiej, Kierownika Powiatowego Centrum Opieku\u0144czo-Mieszkalnego w M\u0142awie<\/p>\n\n\n\n<p>Pani Agnieszka Moszczy\u0144ska \u2013 w imieniu Pani Sylwii Olczak, p.o. Dyrektora Powiatowego Centrum Pomocy Rodzinie w M\u0142awie<\/p>\n\n\n\n<p>Przedstawiciele powiatu podkre\u015blili, \u017ce wsp\u00f3\u0142praca z plac\u00f3wkami jest fundamentem skutecznej pomocy mieszka\u0144com, a zaanga\u017cowanie pracownik\u00f3w stanowi nieoceniony wk\u0142ad w rozw\u00f3j lokalnych struktur wsparcia.<\/p>\n\n\n\n<p>Dzie\u0144 Pracownika Socjalnego to przypomnienie, \u017ce praca wykonywana z empati\u0105, sercem i profesjonalizmem ma ogromne znaczenie dla ca\u0142ej spo\u0142eczno\u015bci. Dlatego podzi\u0119kowania i \u017cyczenia, kt\u00f3re pop\u0142yn\u0119\u0142y do pracownik\u00f3w socjalnych, s\u0105 wyrazem szacunku, uznania i wdzi\u0119czno\u015bci za ich codzienny trud.<\/p>\n\n\n\n<figure class=\"wp-block-gallery has-nested-images columns-default is-cropped wp-block-gallery-1 is-layout-flex wp-block-gallery-is-layout-flex\">\n<figure class=\"wp-block-image size-large\"><img fetchpriority=\"high\" decoding=\"async\" width=\"1024\" height=\"577\" data-id=\"15217\" src=\"https:\/\/wml24.pl\/wp-content\/uploads\/2025\/11\/IMG_9373-1024x577.jpeg\" alt=\"\" class=\"wp-image-15217\" srcset=\"https:\/\/wml24.pl\/wp-content\/uploads\/2025\/11\/IMG_9373-1024x577.jpeg 1024w, https:\/\/wml24.pl\/wp-content\/uploads\/2025\/11\/IMG_9373-300x169.jpeg 300w, https:\/\/wml24.pl\/wp-content\/uploads\/2025\/11\/IMG_9373-768x433.jpeg 768w, https:\/\/wml24.pl\/wp-content\/uploads\/2025\/11\/IMG_9373-1536x866.jpeg 1536w, https:\/\/wml24.pl\/wp-content\/uploads\/2025\/11\/IMG_9373.jpeg 2048w\" sizes=\"(max-width: 1024px) 100vw, 1024px\" \/><\/figure>\n\n\n\n<figure class=\"wp-block-image size-large\"><img decoding=\"async\" width=\"1024\" height=\"577\" data-id=\"15218\" src=\"https:\/\/wml24.pl\/wp-content\/uploads\/2025\/11\/IMG_9374-1024x577.jpeg\" alt=\"\" class=\"wp-image-15218\" srcset=\"https:\/\/wml24.pl\/wp-content\/uploads\/2025\/11\/IMG_9374-1024x577.jpeg 1024w, https:\/\/wml24.pl\/wp-content\/uploads\/2025\/11\/IMG_9374-300x169.jpeg 300w, https:\/\/wml24.pl\/wp-content\/uploads\/2025\/11\/IMG_9374-768x433.jpeg 768w, https:\/\/wml24.pl\/wp-content\/uploads\/2025\/11\/IMG_9374-1536x866.jpeg 1536w, https:\/\/wml24.pl\/wp-content\/uploads\/2025\/11\/IMG_9374.jpeg 2048w\" sizes=\"(max-width: 1024px) 100vw, 1024px\" \/><\/figure>\n\n\n\n<figure class=\"wp-block-image size-large\"><img decoding=\"async\" width=\"1024\" height=\"577\" data-id=\"15219\" src=\"https:\/\/wml24.pl\/wp-content\/uploads\/2025\/11\/IMG_9376-1024x577.jpeg\" alt=\"\" class=\"wp-image-15219\" srcset=\"https:\/\/wml24.pl\/wp-content\/uploads\/2025\/11\/IMG_9376-1024x577.jpeg 1024w, https:\/\/wml24.pl\/wp-content\/uploads\/2025\/11\/IMG_9376-300x169.jpeg 300w, https:\/\/wml24.pl\/wp-content\/uploads\/2025\/11\/IMG_9376-768x433.jpeg 768w, https:\/\/wml24.pl\/wp-content\/uploads\/2025\/11\/IMG_9376-1536x866.jpeg 1536w, https:\/\/wml24.pl\/wp-content\/uploads\/2025\/11\/IMG_9376.jpeg 2048w\" sizes=\"(max-width: 1024px) 100vw, 1024px\" \/><\/figure>\n<\/figure>\n\n\n\n<p>\u0179r\u00f3d\u0142o i fot.: Powiat M\u0142awski <\/p>\n","protected":false},"excerpt":{"rendered":"<p>Dzie\u0144 Pracownika Socjalnego to wyj\u0105tkowa okazja, aby wyrazi\u0107 wdzi\u0119czno\u015b\u0107 osobom, kt\u00f3re swoj\u0105 codzienn\u0105 prac\u0105 zmieniaj\u0105 \u017cycie innych na lepsze. To w\u0142a\u015bnie oni \u2013 pracownicy socjalni \u2013 stoj\u0105 na pierwszej linii wsparcia, nios\u0105c pomoc osobom starszym, chorym, z niepe\u0142nosprawno\u015bci\u0105, rodzinom w trudnej sytuacji oraz wszystkim, kt\u00f3rzy potrzebuj\u0105 \u017cyczliwo\u015bci i profesjonalnej opieki. Przedstawiciele Powiatu M\u0142awskiego w osobach: [&hellip;]<\/p>\n","protected":false},"author":1,"featured_media":15220,"comment_status":"open","ping_status":"open","sticky":false,"template":"","format":"standard","meta":{"footnotes":""},"categories":[37],"tags":[1165,3364,3363,41,2647,493],"class_list":["post-15216","post","type-post","status-publish","format-standard","has-post-thumbnail","hentry","category-nasze-miasto","tag-1165","tag-dyrektorowie","tag-dzien-pracownika-socjalnego","tag-mlawa","tag-podziekowania","tag-powiat-mlawski"],"_links":{"self":[{"href":"https:\/\/wml24.pl\/index.php?rest_route=\/wp\/v2\/posts\/15216","targetHints":{"allow":["GET"]}}],"collection":[{"href":"https:\/\/wml24.pl\/index.php?rest_route=\/wp\/v2\/posts"}],"about":[{"href":"https:\/\/wml24.pl\/index.php?rest_route=\/wp\/v2\/types\/post"}],"author":[{"embeddable":true,"href":"https:\/\/wml24.pl\/index.php?rest_route=\/wp\/v2\/users\/1"}],"replies":[{"embeddable":true,"href":"https:\/\/wml24.pl\/index.php?rest_route=%2Fwp%2Fv2%2Fcomments&post=15216"}],"version-history":[{"count":2,"href":"https:\/\/wml24.pl\/index.php?rest_route=\/wp\/v2\/posts\/15216\/revisions"}],"predecessor-version":[{"id":15222,"href":"https:\/\/wml24.pl\/index.php?rest_route=\/wp\/v2\/posts\/15216\/revisions\/15222"}],"wp:featuredmedia":[{"embeddable":true,"href":"https:\/\/wml24.pl\/index.php?rest_route=\/wp\/v2\/media\/15220"}],"wp:attachment":[{"href":"https:\/\/wml24.pl\/index.php?rest_route=%2Fwp%2Fv2%2Fmedia&parent=15216"}],"wp:term":[{"taxonomy":"category","embeddable":true,"href":"https:\/\/wml24.pl\/index.php?rest_route=%2Fwp%2Fv2%2Fcategories&post=15216"},{"taxonomy":"post_tag","embeddable":true,"href":"https:\/\/wml24.pl\/index.php?rest_route=%2Fwp%2Fv2%2Ftags&post=15216"}],"curies":[{"name":"wp","href":"https:\/\/api.w.org\/{rel}","templated":true}]}}